{"id":5456,"date":"2025-05-09T11:01:41","date_gmt":"2025-05-09T09:01:41","guid":{"rendered":"https:\/\/www.corsobori.com\/?p=5456"},"modified":"2025-05-09T11:02:05","modified_gmt":"2025-05-09T09:02:05","slug":"com-integrar-una-columna-a-la-cuina","status":"publish","type":"post","link":"https:\/\/www.corsobori.com\/ca\/blog\/com-integrar-una-columna-a-la-cuina\/","title":{"rendered":"\u00bf Com integrar una columna a la cuina?"},"content":{"rendered":"<header><\/header>\n<section>Les columnes estructurals poden ser un desafiament en el disseny d&#8217;interiors, especialment en cuines on cada cent\u00edmetre compta. Per\u00f2 lluny de ser un obstacle, una columna ben integrada <strong>es pot convertir en un element est\u00e8tic i funcional que aporti car\u00e0cter i estil<\/strong> a l&#8217;espai.<\/p>\n<\/section>\n<section>\n<h2>Convertir la columna en un punt focal<\/h2>\n<h3><strong>Materials i acabats<\/strong><\/h3>\n<p>En lloc d&#8217;intentar amagar-la, <strong>destaca la columna amb materials o colors que la ressaltin<\/strong> . Pots revestir-la amb fusta, pedra o fins i tot aplicar una pintura de contrast que harmonitzi amb la resta del mobiliari. Una altra opci\u00f3 interessant \u00e9s decorar-la amb rajoles decoratives o utilitzar paper pintat amb textura per afegir profunditat i eleg\u00e0ncia.  <\/p>\n<p>Si busques un disseny m\u00e9s sofisticat, una bona alternativa \u00e9s <strong>revestir-la amb el mateix material que el taulell o els mobles<\/strong> perqu\u00e8 s&#8217;integri de manera harmoniosa a la cuina.<\/p>\n<\/section>\n<section>\n<img loading=\"lazy\" decoding=\"async\" class=\"wp-image-3099 size-large alignnone\" src=\"https:\/\/www.corsobori.com\/wp-content\/uploads\/2025\/03\/Columna-cocina-1024x683.jpg\" alt=\"Columna cuina\" width=\"1024\" height=\"683\" srcset=\"https:\/\/www.corsobori.com\/wp-content\/uploads\/2025\/03\/Columna-cocina-1024x683.jpg 1024w, https:\/\/www.corsobori.com\/wp-content\/uploads\/2025\/03\/Columna-cocina-300x200.jpg 300w, https:\/\/www.corsobori.com\/wp-content\/uploads\/2025\/03\/Columna-cocina-600x400.jpg 600w, https:\/\/www.corsobori.com\/wp-content\/uploads\/2025\/03\/Columna-cocina.jpg 1500w\" sizes=\"auto, (max-width: 1024px) 100vw, 1024px\" \/><\/p>\n<h2>Integrar-la al mobiliari<\/h2>\n<p>Una de les opcions m\u00e9s efectives \u00e9s <a href=\"https:\/\/www.corsobori.com\/ca\/tenda\/c\/cuines-de-luxe\/columnes\/\">incorporar la columna<\/a> al disseny dels mobles <strong>. Instal\u00b7lar prestatgeries al seu voltant, una vinoteca o fins i tot panellar-la perqu\u00e8 formi part dels armaris<\/strong>  \u00e9s una soluci\u00f3 elegant i pr\u00e0ctica.<\/p>\n<h3><strong>Uni\u00f3 amb l&#8217;illa o el rebost<\/strong><\/h3>\n<p>Si la columna \u00e9s a prop de la zona de cocci\u00f3, una idea molt bona \u00e9s <strong>integrar-la en l&#8217;estructura d&#8217;un rebost amb m\u00f2duls personalitzats.<\/strong> Tamb\u00e9 pot formar part d&#8217;una illa de cuina, funcionant com a suport estructural i alhora proporcionant emmagatzematge addicional.<\/p>\n<\/section>\n<section>\n<h2>Convertir-la en una zona funcional<\/h2>\n<h3><strong>Petits detalls amb gran impacte<\/strong><\/h3>\n<p>Si la columna \u00e9s a prop del taulell, <strong>aprofiteu-la com a suport per a una barra d&#8217;esmorzar o afegiu ganxos per penjar estris de cuina.<\/strong> Tamb\u00e9 pots utilitzar-la com a suport per a il\u00b7luminaci\u00f3 ambiental amb aplics o tires LED.<\/p>\n<p>Una altra opci\u00f3 interessant \u00e9s col\u00b7locar un panell perforat a la columna per penjar eines de cuina, esp\u00e8cies o petits prestatges. D&#8217;aquesta manera, maximitzar\u00e0s l&#8217;\u00fas de l&#8217;espai vertical i evitar\u00e0s desaprofitar \u00e0rees \u00fatils a la cuina. <\/p>\n<\/section>\n<section>\n<h2>Aprofitar-la com a separador d&#8217;ambients<\/h2>\n<p><strong>En<\/strong> <strong>cuines<\/strong> obertes <strong>,<\/strong> una columna pot ajudar a delimitar la zona sense necessitat de parets addicionals. <\/p>\n<h3><strong>Alternatives per dividir sense tancar<\/strong><\/h3>\n<p>Una altra opci\u00f3 \u00e9s incorporar una <strong>paret de gelosia<\/strong> o una <strong>estructura met\u00e0l\u00b7lica amb prestatgeries obertes<\/strong> al voltant de la columna. Aix\u00f2 permet crear una transici\u00f3 natural entre cuina i menjador sense tancar completament l&#8217;espai. <\/p>\n<\/section>\n<section>\n<h2>Integrar tecnologia i emmagatzematge<\/h2>\n<p>Les columnes poden convertir-se en espais ideals per afegir <strong>endolls<\/strong> , <strong>carregadors<\/strong> sense <strong>fil<\/strong> o fins i tot <strong>panells<\/strong> <strong>de control<\/strong> <strong>dom\u00f2tic<\/strong> . Si l&#8217;espai ho permet, tamb\u00e9 poden allotjar solucions d&#8217;emmagatzematge vertical amb lleixes encastades o m\u00f2duls extra\u00efbles.   <\/p>\n<h3><strong>Electrodom\u00e8stics integrats<\/strong><\/h3>\n<p>Si tens una cuina moderna amb electrodom\u00e8stics integrats, la columna <strong>es pot convertir en el lloc perfecte per instal\u00b7lar un forn compacte, un microones o una cafetera encastada<\/strong> . Podeu afegir compartiments ocults per emmagatzemar petits electrodom\u00e8stics i mantenir la cuina sempre ordenada. <\/p>\n<\/section>\n<section>\n<h2>Dissenyar una columna multifuncional<\/h2>\n<p>En espais redu\u00efts, una columna es pot convertir en una <strong>soluci\u00f3 multifuncional<\/strong> . Des d&#8217;un petit escriptori auxiliar fins a un rac\u00f3 verd amb plantes arom\u00e0tiques, hi ha moltes maneres d&#8217;aprofitar aquest element estructural. <\/p>\n<p>Tamb\u00e9 pots instal\u00b7lar una pissarra o una superf\u00edcie de suro a la columna per anotar la llista de la compra, deixar missatges o fins i tot col\u00b7locar un calendari familiar.<\/p>\n<\/section>\n<section>\n<h2>Jugar amb la il\u00b7luminaci\u00f3<\/h2>\n<h3><strong>Il\u00b7luminaci\u00f3 decorativa<\/strong><\/h3>\n<p>Una il\u00b7luminaci\u00f3 ben pensada pot fer que la columna <strong>es vegi com un element decoratiu en lloc d&#8217;un obstacle<\/strong> . Instal\u00b7lar tires LED a les vores o prestatgeries adjacents pot crear un efecte visual atractiu. <\/p>\n<p>Tamb\u00e9 \u00e9s possible instal\u00b7lar focus encastats o llums dirigits cap a la columna per destacar la seva pres\u00e8ncia de forma elegant.<\/p>\n<\/section>\n<section>\n<img loading=\"lazy\" decoding=\"async\" class=\"alignnone wp-image-3097 size-large\" src=\"https:\/\/www.corsobori.com\/wp-content\/uploads\/2025\/03\/Columna-1024x683.jpg\" alt=\"Columna\" width=\"1024\" height=\"683\" srcset=\"https:\/\/www.corsobori.com\/wp-content\/uploads\/2025\/03\/Columna-1024x683.jpg 1024w, https:\/\/www.corsobori.com\/wp-content\/uploads\/2025\/03\/Columna-300x200.jpg 300w, https:\/\/www.corsobori.com\/wp-content\/uploads\/2025\/03\/Columna-600x400.jpg 600w, https:\/\/www.corsobori.com\/wp-content\/uploads\/2025\/03\/Columna.jpg 1500w\" sizes=\"auto, (max-width: 1024px) 100vw, 1024px\" \/><\/p>\n<h2>Troba el disseny perfecte a Corsobori<\/h2>\n<p>A <strong>Corsobori<\/strong> , treballem amb mobles de luxe dissenyats per aprofitar al m\u00e0xim cada rac\u00f3 de la teva cuina. Si busques una soluci\u00f3 personalitzada per afegir una columna al teu espai, <strong>contacta&#8217;ns i descobreix totes les opcions<\/strong> que et podem oferir. <\/p>\n<p>Fes un ull a la nostra col\u00b7lecci\u00f3 de <strong>cuines d&#8217;alta gamma<\/strong> i troba l&#8217;equilibri perfecte entre disseny, funcionalitat i exclusivitat.<\/p>\n<\/section>\n","protected":false},"excerpt":{"rendered":"<p>Les columnes estructurals poden ser un desafiament en el disseny d&#8217;interiors, especialment en cuines on cada cent\u00edmetre compta. Per\u00f2 lluny de ser un obstacle, una columna ben integrada es pot convertir en un element est\u00e8tic i funcional que aporti car\u00e0cter i estil a l&#8217;espai. Convertir la columna en un punt focal Materials i acabats En&#8230;<\/p>\n","protected":false},"author":1,"featured_media":5270,"comment_status":"closed","ping_status":"closed","sticky":false,"template":"","format":"standard","meta":{"_acf_changed":false,"footnotes":""},"categories":[164],"tags":[],"class_list":["post-5456","post","type-post","status-publish","format-standard","has-post-thumbnail","hentry","category-sense-categoria"],"acf":[],"yoast_head":"<!-- This site is optimized with the Yoast SEO plugin v27.2 - https:\/\/yoast.com\/product\/yoast-seo-wordpress\/ -->\n<title>\u00bf Com integrar una columna a la cuina? - corsobori.com<\/title>\n<meta name=\"robots\" content=\"index, follow, max-snippet:-1, max-image-preview:large, max-video-preview:-1\" \/>\n<link rel=\"canonical\" href=\"https:\/\/www.corsobori.com\/ca\/blog\/com-integrar-una-columna-a-la-cuina\/\" \/>\n<meta property=\"og:locale\" content=\"ca_ES\" \/>\n<meta property=\"og:type\" content=\"article\" \/>\n<meta property=\"og:title\" content=\"\u00bf Com integrar una columna a la cuina? - corsobori.com\" \/>\n<meta property=\"og:description\" content=\"Les columnes estructurals poden ser un desafiament en el disseny d&#8217;interiors, especialment en cuines on cada cent\u00edmetre compta. Per\u00f2 lluny de ser un obstacle, una columna ben integrada es pot convertir en un element est\u00e8tic i funcional que aporti car\u00e0cter i estil a l&#8217;espai. Convertir la columna en un punt focal Materials i acabats En...\" \/>\n<meta property=\"og:url\" content=\"https:\/\/www.corsobori.com\/ca\/blog\/com-integrar-una-columna-a-la-cuina\/\" \/>\n<meta property=\"og:site_name\" content=\"corsobori.com\" \/>\n<meta property=\"article:published_time\" content=\"2025-05-09T09:01:41+00:00\" \/>\n<meta property=\"article:modified_time\" content=\"2025-05-09T09:02:05+00:00\" \/>\n<meta property=\"og:image\" content=\"https:\/\/www.corsobori.com\/wp-content\/uploads\/2025\/03\/Columna-cocina-como-integrarla.jpg\" \/>\n\t<meta property=\"og:image:width\" content=\"1500\" \/>\n\t<meta property=\"og:image:height\" content=\"917\" \/>\n\t<meta property=\"og:image:type\" content=\"image\/jpeg\" \/>\n<meta name=\"author\" content=\"6a5529de1a\" \/>\n<meta name=\"twitter:card\" content=\"summary_large_image\" \/>\n<meta name=\"twitter:label1\" content=\"Escrit per\" \/>\n\t<meta name=\"twitter:data1\" content=\"6a5529de1a\" \/>\n\t<meta name=\"twitter:label2\" content=\"Temps estimat de lectura\" \/>\n\t<meta name=\"twitter:data2\" content=\"3 minuts\" \/>\n<!-- \/ Yoast SEO plugin. -->","yoast_head_json":{"title":"\u00bf Com integrar una columna a la cuina? - corsobori.com","robots":{"index":"index","follow":"follow","max-snippet":"max-snippet:-1","max-image-preview":"max-image-preview:large","max-video-preview":"max-video-preview:-1"},"canonical":"https:\/\/www.corsobori.com\/ca\/blog\/com-integrar-una-columna-a-la-cuina\/","og_locale":"ca_ES","og_type":"article","og_title":"\u00bf Com integrar una columna a la cuina? - corsobori.com","og_description":"Les columnes estructurals poden ser un desafiament en el disseny d&#8217;interiors, especialment en cuines on cada cent\u00edmetre compta. Per\u00f2 lluny de ser un obstacle, una columna ben integrada es pot convertir en un element est\u00e8tic i funcional que aporti car\u00e0cter i estil a l&#8217;espai. Convertir la columna en un punt focal Materials i acabats En...","og_url":"https:\/\/www.corsobori.com\/ca\/blog\/com-integrar-una-columna-a-la-cuina\/","og_site_name":"corsobori.com","article_published_time":"2025-05-09T09:01:41+00:00","article_modified_time":"2025-05-09T09:02:05+00:00","og_image":[{"width":1500,"height":917,"url":"https:\/\/www.corsobori.com\/wp-content\/uploads\/2025\/03\/Columna-cocina-como-integrarla.jpg","type":"image\/jpeg"}],"author":"6a5529de1a","twitter_card":"summary_large_image","twitter_misc":{"Escrit per":"6a5529de1a","Temps estimat de lectura":"3 minuts"},"schema":{"@context":"https:\/\/schema.org","@graph":[{"@type":"Article","@id":"https:\/\/www.corsobori.com\/ca\/blog\/com-integrar-una-columna-a-la-cuina\/#article","isPartOf":{"@id":"https:\/\/www.corsobori.com\/ca\/blog\/com-integrar-una-columna-a-la-cuina\/"},"author":{"name":"6a5529de1a","@id":"https:\/\/www.corsobori.com\/ca\/#\/schema\/person\/4e93d01a6d549107c7640b0017574585"},"headline":"\u00bf Com integrar una columna a la cuina?","datePublished":"2025-05-09T09:01:41+00:00","dateModified":"2025-05-09T09:02:05+00:00","mainEntityOfPage":{"@id":"https:\/\/www.corsobori.com\/ca\/blog\/com-integrar-una-columna-a-la-cuina\/"},"wordCount":717,"publisher":{"@id":"https:\/\/www.corsobori.com\/ca\/#organization"},"image":{"@id":"https:\/\/www.corsobori.com\/ca\/blog\/com-integrar-una-columna-a-la-cuina\/#primaryimage"},"thumbnailUrl":"https:\/\/www.corsobori.com\/wp-content\/uploads\/2025\/03\/Columna-cocina-como-integrarla.jpg","inLanguage":"ca"},{"@type":"WebPage","@id":"https:\/\/www.corsobori.com\/ca\/blog\/com-integrar-una-columna-a-la-cuina\/","url":"https:\/\/www.corsobori.com\/ca\/blog\/com-integrar-una-columna-a-la-cuina\/","name":"\u00bf Com integrar una columna a la cuina? - corsobori.com","isPartOf":{"@id":"https:\/\/www.corsobori.com\/ca\/#website"},"primaryImageOfPage":{"@id":"https:\/\/www.corsobori.com\/ca\/blog\/com-integrar-una-columna-a-la-cuina\/#primaryimage"},"image":{"@id":"https:\/\/www.corsobori.com\/ca\/blog\/com-integrar-una-columna-a-la-cuina\/#primaryimage"},"thumbnailUrl":"https:\/\/www.corsobori.com\/wp-content\/uploads\/2025\/03\/Columna-cocina-como-integrarla.jpg","datePublished":"2025-05-09T09:01:41+00:00","dateModified":"2025-05-09T09:02:05+00:00","breadcrumb":{"@id":"https:\/\/www.corsobori.com\/ca\/blog\/com-integrar-una-columna-a-la-cuina\/#breadcrumb"},"inLanguage":"ca","potentialAction":[{"@type":"ReadAction","target":["https:\/\/www.corsobori.com\/ca\/blog\/com-integrar-una-columna-a-la-cuina\/"]}]},{"@type":"ImageObject","inLanguage":"ca","@id":"https:\/\/www.corsobori.com\/ca\/blog\/com-integrar-una-columna-a-la-cuina\/#primaryimage","url":"https:\/\/www.corsobori.com\/wp-content\/uploads\/2025\/03\/Columna-cocina-como-integrarla.jpg","contentUrl":"https:\/\/www.corsobori.com\/wp-content\/uploads\/2025\/03\/Columna-cocina-como-integrarla.jpg","width":1500,"height":917},{"@type":"BreadcrumbList","@id":"https:\/\/www.corsobori.com\/ca\/blog\/com-integrar-una-columna-a-la-cuina\/#breadcrumb","itemListElement":[{"@type":"ListItem","position":1,"name":"Portada","item":"https:\/\/www.corsobori.com\/ca\/inici\/"},{"@type":"ListItem","position":2,"name":"\u00bf Com integrar una columna a la cuina?"}]},{"@type":"WebSite","@id":"https:\/\/www.corsobori.com\/ca\/#website","url":"https:\/\/www.corsobori.com\/ca\/","name":"Corsobori","description":"","publisher":{"@id":"https:\/\/www.corsobori.com\/ca\/#organization"},"potentialAction":[{"@type":"SearchAction","target":{"@type":"EntryPoint","urlTemplate":"https:\/\/www.corsobori.com\/ca\/?s={search_term_string}"},"query-input":{"@type":"PropertyValueSpecification","valueRequired":true,"valueName":"search_term_string"}}],"inLanguage":"ca"},{"@type":"Organization","@id":"https:\/\/www.corsobori.com\/ca\/#organization","name":"Corsobori","url":"https:\/\/www.corsobori.com\/ca\/","logo":{"@type":"ImageObject","inLanguage":"ca","@id":"https:\/\/www.corsobori.com\/ca\/#\/schema\/logo\/image\/","url":"https:\/\/www.corsobori.com\/wp-content\/uploads\/2024\/08\/logo-corsobori.png","contentUrl":"https:\/\/www.corsobori.com\/wp-content\/uploads\/2024\/08\/logo-corsobori.png","width":1210,"height":146,"caption":"Corsobori"},"image":{"@id":"https:\/\/www.corsobori.com\/ca\/#\/schema\/logo\/image\/"}},{"@type":"Person","@id":"https:\/\/www.corsobori.com\/ca\/#\/schema\/person\/4e93d01a6d549107c7640b0017574585","name":"6a5529de1a","image":{"@type":"ImageObject","inLanguage":"ca","@id":"https:\/\/secure.gravatar.com\/avatar\/85689c61d7f8fef5ad16e223a710107034cd7d884201ee71801f51ee944652bf?s=96&d=mm&r=g","url":"https:\/\/secure.gravatar.com\/avatar\/85689c61d7f8fef5ad16e223a710107034cd7d884201ee71801f51ee944652bf?s=96&d=mm&r=g","contentUrl":"https:\/\/secure.gravatar.com\/avatar\/85689c61d7f8fef5ad16e223a710107034cd7d884201ee71801f51ee944652bf?s=96&d=mm&r=g","caption":"6a5529de1a"},"sameAs":["https:\/\/www.corsobori.com"],"url":"https:\/\/www.corsobori.com\/ca\/blog\/author\/6a5529de1a\/"}]}},"_links":{"self":[{"href":"https:\/\/www.corsobori.com\/ca\/wp-json\/wp\/v2\/posts\/5456","targetHints":{"allow":["GET"]}}],"collection":[{"href":"https:\/\/www.corsobori.com\/ca\/wp-json\/wp\/v2\/posts"}],"about":[{"href":"https:\/\/www.corsobori.com\/ca\/wp-json\/wp\/v2\/types\/post"}],"author":[{"embeddable":true,"href":"https:\/\/www.corsobori.com\/ca\/wp-json\/wp\/v2\/users\/1"}],"replies":[{"embeddable":true,"href":"https:\/\/www.corsobori.com\/ca\/wp-json\/wp\/v2\/comments?post=5456"}],"version-history":[{"count":2,"href":"https:\/\/www.corsobori.com\/ca\/wp-json\/wp\/v2\/posts\/5456\/revisions"}],"predecessor-version":[{"id":6123,"href":"https:\/\/www.corsobori.com\/ca\/wp-json\/wp\/v2\/posts\/5456\/revisions\/6123"}],"wp:featuredmedia":[{"embeddable":true,"href":"https:\/\/www.corsobori.com\/ca\/wp-json\/wp\/v2\/media\/5270"}],"wp:attachment":[{"href":"https:\/\/www.corsobori.com\/ca\/wp-json\/wp\/v2\/media?parent=5456"}],"wp:term":[{"taxonomy":"category","embeddable":true,"href":"https:\/\/www.corsobori.com\/ca\/wp-json\/wp\/v2\/categories?post=5456"},{"taxonomy":"post_tag","embeddable":true,"href":"https:\/\/www.corsobori.com\/ca\/wp-json\/wp\/v2\/tags?post=5456"}],"curies":[{"name":"wp","href":"https:\/\/api.w.org\/{rel}","templated":true}]}}